{"id":1541,"date":"2017-02-26T19:09:47","date_gmt":"2017-02-27T00:09:47","guid":{"rendered":"http:\/\/exalumnasesclavas.org\/blog\/?p=1541"},"modified":"2023-04-11T21:37:47","modified_gmt":"2023-04-12T02:37:47","slug":"siguiendo-la-pista-a-los-ninos-de-las-mananitas","status":"publish","type":"post","link":"https:\/\/exalumnasesclavas.org\/blog\/?p=1541","title":{"rendered":"Siguiendo la pista a los ni\u00f1os de Las Ma\u00f1anitas"},"content":{"rendered":"<p>Keisy y el Concurso de pintura \u00abEL CARRO DE MIS SUE\u00d1OS\u00bb<\/p>\n<p>Keisy\u00a0Mu\u00f1oz acaba de terminar su segundo a\u00f1o de secundaria. Siempre ha sido una ni\u00f1a estudiosa y dedicada. Hace un a\u00f1o recibi\u00f3 una beca del Banco General y actualmente estudia en el colegio privado Bern ubicado en la entranda de Las Ma\u00f1anitas.<\/p>\n<p>Estando en primaria, Keisy particip\u00f3 en talleres en el Museo de Arte Contemporaneo y sobre todo, aprovech\u00f3 durante varios a\u00f1os los cursos que gentilmente ofrece Mirie De la Guardia, ex alumna de la Prom 1976, en la Galer\u00eda Allegro. En su escuela particip\u00f3 del concurso de la Toyota, resultando ganadora su pintura a nivel de toda la escuela y luego a nivel nacional. Luego su pintura viaj\u00f3 a Jap\u00f3n a participar del concurso a nivel mundial.<\/p>\n<p>Gracias a Mirie y al personal de la Galer\u00eda Allegro por esa dedicaci\u00f3n, amor y empe\u00f1o que estos ni\u00f1os, que hoy ya son j\u00f3venes de bien, encontraban cuando llegaban cada martes a su taller de pintura. Esa\u00a0fue la semilla que se sembr\u00f3 y est\u00e1 floreciendo. Y esto nos pone a pensar, cu\u00e1ntos talentos se pierden por falta de una mano amiga.<\/p>\n<p><a href=\"https:\/\/exalumnasesclavas.org\/blog\/wp-content\/uploads\/2017\/02\/Allegro.jpg\"><img loading=\"lazy\" decoding=\"async\" data-attachment-id=\"1630\" data-permalink=\"https:\/\/exalumnasesclavas.org\/blog\/?attachment_id=1630\" data-orig-file=\"https:\/\/exalumnasesclavas.org\/blog\/wp-content\/uploads\/2017\/02\/Allegro.jpg\" data-orig-size=\"960,720\" data-comments-opened=\"0\" data-image-meta=\"{&quot;aperture&quot;:&quot;0&quot;,&quot;credit&quot;:&quot;&quot;,&quot;camera&quot;:&quot;&quot;,&quot;caption&quot;:&quot;&quot;,&quot;created_timestamp&quot;:&quot;0&quot;,&quot;copyright&quot;:&quot;&quot;,&quot;focal_length&quot;:&quot;0&quot;,&quot;iso&quot;:&quot;0&quot;,&quot;shutter_speed&quot;:&quot;0&quot;,&quot;title&quot;:&quot;&quot;}\" data-image-title=\"Allegro\" data-image-description=\"\" data-image-caption=\"\" data-medium-file=\"https:\/\/exalumnasesclavas.org\/blog\/wp-content\/uploads\/2017\/02\/Allegro-300x225.jpg\" data-large-file=\"https:\/\/exalumnasesclavas.org\/blog\/wp-content\/uploads\/2017\/02\/Allegro.jpg\" class=\"aligncenter size-full wp-image-1630\" src=\"https:\/\/exalumnasesclavas.org\/blog\/wp-content\/uploads\/2017\/02\/Allegro.jpg\" alt=\"Allegro\" width=\"960\" height=\"720\" srcset=\"https:\/\/exalumnasesclavas.org\/blog\/wp-content\/uploads\/2017\/02\/Allegro.jpg 960w, https:\/\/exalumnasesclavas.org\/blog\/wp-content\/uploads\/2017\/02\/Allegro-300x225.jpg 300w, https:\/\/exalumnasesclavas.org\/blog\/wp-content\/uploads\/2017\/02\/Allegro-268x200.jpg 268w, https:\/\/exalumnasesclavas.org\/blog\/wp-content\/uploads\/2017\/02\/Allegro-700x525.jpg 700w\" sizes=\"auto, (max-width: 960px) 100vw, 960px\" \/><\/a><\/p>\n<p>Como bien expres\u00f3 Mirie, \u00abNada m\u00e1s rico que verlos alcanzar m\u00e1s y m\u00e1s logros, pero \u00a1tengo que seguirles la pista! As\u00ed es que, por lo menos por Facebook sigo en contacto con estos ni\u00f1os que nos han dado mucho m\u00e1s que nosotros a ellos: nos chateamos, mandamos mensajitos y, cada cierto tiempo, recibo un \u201cHola, \u00bfen qu\u00e9 andas maestra? Y me derrito.\u00bb<\/p>\n<p>&nbsp;<\/p>\n<p>&nbsp;<\/p>\n","protected":false},"excerpt":{"rendered":"<p>Keisy y el Concurso de pintura \u00abEL CARRO DE MIS SUE\u00d1OS\u00bb Keisy\u00a0Mu\u00f1oz acaba de terminar su segundo a\u00f1o de secundaria. Siempre ha sido una ni\u00f1a estudiosa y dedicada. Hace un a\u00f1o recibi\u00f3 una beca del Banco General y actualmente estudia en el colegio privado Bern ubicado en la entranda de Las Ma\u00f1anitas. Estando en primaria, [&hellip;]<\/p>\n","protected":false},"author":1,"featured_media":1630,"comment_status":"closed","ping_status":"closed","sticky":false,"template":"","format":"standard","meta":{"_eb_attr":"","_mi_skip_tracking":false,"footnotes":""},"categories":[1],"tags":[],"class_list":["post-1541","post","type-post","status-publish","format-standard","has-post-thumbnail","hentry","category-asociacion"],"aioseo_notices":[],"jetpack_featured_media_url":"https:\/\/exalumnasesclavas.org\/blog\/wp-content\/uploads\/2017\/02\/Allegro.jpg","jetpack_shortlink":"https:\/\/wp.me\/paFKez-oR","jetpack_sharing_enabled":true,"_links":{"self":[{"href":"https:\/\/exalumnasesclavas.org\/blog\/index.php?rest_route=\/wp\/v2\/posts\/1541","targetHints":{"allow":["GET"]}}],"collection":[{"href":"https:\/\/exalumnasesclavas.org\/blog\/index.php?rest_route=\/wp\/v2\/posts"}],"about":[{"href":"https:\/\/exalumnasesclavas.org\/blog\/index.php?rest_route=\/wp\/v2\/types\/post"}],"author":[{"embeddable":true,"href":"https:\/\/exalumnasesclavas.org\/blog\/index.php?rest_route=\/wp\/v2\/users\/1"}],"replies":[{"embeddable":true,"href":"https:\/\/exalumnasesclavas.org\/blog\/index.php?rest_route=%2Fwp%2Fv2%2Fcomments&post=1541"}],"version-history":[{"count":2,"href":"https:\/\/exalumnasesclavas.org\/blog\/index.php?rest_route=\/wp\/v2\/posts\/1541\/revisions"}],"predecessor-version":[{"id":1631,"href":"https:\/\/exalumnasesclavas.org\/blog\/index.php?rest_route=\/wp\/v2\/posts\/1541\/revisions\/1631"}],"wp:featuredmedia":[{"embeddable":true,"href":"https:\/\/exalumnasesclavas.org\/blog\/index.php?rest_route=\/wp\/v2\/media\/1630"}],"wp:attachment":[{"href":"https:\/\/exalumnasesclavas.org\/blog\/index.php?rest_route=%2Fwp%2Fv2%2Fmedia&parent=1541"}],"wp:term":[{"taxonomy":"category","embeddable":true,"href":"https:\/\/exalumnasesclavas.org\/blog\/index.php?rest_route=%2Fwp%2Fv2%2Fcategories&post=1541"},{"taxonomy":"post_tag","embeddable":true,"href":"https:\/\/exalumnasesclavas.org\/blog\/index.php?rest_route=%2Fwp%2Fv2%2Ftags&post=1541"}],"curies":[{"name":"wp","href":"https:\/\/api.w.org\/{rel}","templated":true}]}}