{"id":1543,"date":"2017-02-26T19:22:10","date_gmt":"2017-02-27T00:22:10","guid":{"rendered":"http:\/\/exalumnasesclavas.org\/blog\/?p=1543"},"modified":"2023-04-11T22:09:49","modified_gmt":"2023-04-12T03:09:49","slug":"una-casita-en-las-mananitas","status":"publish","type":"post","link":"https:\/\/exalumnasesclavas.org\/blog\/?p=1543","title":{"rendered":"Una Casita en Las Ma\u00f1anitas"},"content":{"rendered":"<p>Nos complace reproducir aqu\u00ed el reportaje de Roxana Mu\u00f1oz,<span style=\"color: #666666;\">\u00a0con fotos de\u00a0<\/span>Roberto Cisneros, que fue publicado en la revista Ellas de La Prensa.<\/p>\n<div class=\"field field-name-field-fecha-publicacion field-type-datetime field-label-hidden\" style=\"font-weight: 300; color: #999999;\">\n<div class=\"field-items\" style=\"font-weight: inherit; font-style: inherit;\">\n<div class=\"field-item even\" style=\"font-weight: inherit; font-style: inherit;\"><a href=\"http:\/\/www.ellas.pa\/entre-nos\/una-casita-en-las-mananitas\">http:\/\/www.ellas.pa\/entre-nos\/una-casita-en-las-mananitas<\/a><\/div>\n<div class=\"field-item even\" style=\"font-weight: inherit; font-style: inherit;\"><\/div>\n<div class=\"field-item even\" style=\"font-weight: inherit; font-style: inherit;\"><span class=\"date-display-single\" style=\"font-weight: inherit; font-style: inherit;\">Junio 24, 2016<\/span><\/div>\n<\/div>\n<\/div>\n<div class=\"field field-name-field-articulo-texto-corto field-type-text-long field-label-hidden\" style=\"font-weight: 300; font-style: italic; color: #666666;\">\n<div class=\"field-items\" style=\"font-weight: inherit; font-style: inherit;\">\n<div class=\"field-item even\" style=\"font-weight: inherit; font-style: inherit;\">Con el lema \u2018Volvamos a hacer algo juntas\u2019, hace 18 a\u00f1os las exalumnas del colegio Las Esclavas fundaron una biblioteca para los ni\u00f1os de este corregimiento.<\/div>\n<div class=\"field-item even\" style=\"font-weight: inherit; font-style: inherit;\"><\/div>\n<\/div>\n<\/div>\n<div class=\"field field-name-body field-type-text-with-summary field-label-hidden\" style=\"font-weight: 300;\">\n<div class=\"field-items\" style=\"font-weight: inherit; font-style: inherit;\">\n<div class=\"field-item even\" style=\"font-weight: inherit; font-style: inherit;\">\n<div style=\"font-weight: inherit; font-style: inherit;\">Si se pasa de prisa parece otra casa a orillas de \u00a0calle en el sector 11 de Las Ma\u00f1anitas. Pero si se mira con m\u00e1s calma se alcanza a leer el letrero que dice Centro Juvenil y Biblioteca Las Ma\u00f1anitas, Asociaci\u00f3n de Exalumnas del Colegio Las Esclavas. \u201cVolvamos a hacer algo juntas\u201d.<\/div>\n<div style=\"font-weight: inherit; font-style: inherit;\">Hay un jard\u00edn con bancas de cemento. En la fachada, varios letreros: \u201cTe esperamos este martes a la peli Zootopia\u201d, \u201cTodos los s\u00e1bados clase de coro\u201d, \u201cEste s\u00e1bado s\u00ed hay servicio social\u201d.<\/div>\n<div style=\"font-weight: inherit; font-style: inherit;\"><\/div>\n<div style=\"font-weight: inherit; font-style: inherit;\"><span class=\"caption none image-large_adaptive_w620\" style=\"font-weight: inherit; font-style: inherit;\"><span class=\"caption none image-large_adaptive_w620\" style=\"font-weight: inherit; font-style: inherit;\"><img decoding=\"async\" style=\"font-weight: inherit; font-style: inherit;\" src=\"http:\/\/www.ellas.pa\/sites\/default\/files\/styles\/large_adaptive_w620\/public\/articulos\/24junenfoco41024.jpg?itok=NbfwkXzz\" alt=\"Carmen Rodr\u00edguez recibe a los ni\u00f1os que se registran al entrar.\" \/><\/span><\/span><\/p>\n<p style=\"font-weight: inherit; font-style: inherit;\">Carmen Rodr\u00edguez recibe a los ni\u00f1os que se registran al entrar.<\/p>\n<p>En la puerta de entrada est\u00e1 sentada Carmen Rodr\u00edguez, quien fue portera durante 35 a\u00f1os en Las Esclavas. Al jubilarse se vino a trabajar ac\u00e1. All\u00ed tambi\u00e9n custodia la entrada y cuida el libro de registro en el que, quienes llegan, escriben su nombre, su edad, \u00a0colegio y lugar de procedencia. \u201cEsto nos sirve para llevar un conteo\u201d, explica Mirella Porras de Arias, \u00a0coordinadora del centro y miembro de la junta directiva de las exalumnas. Al d\u00eda se anotan alrededor de 140 ni\u00f1os y j\u00f3venes.<\/p>\n<\/div>\n<div style=\"font-weight: inherit; font-style: inherit;\">Lupita M\u00e9ndez, tambi\u00e9n de la junta directiva de la asociaci\u00f3n de exalumnas, \u00a0 y subcoordinadora del centro, cuenta que en todo el mundo las exalumnas de Las Esclavas tienen asociaciones. Una t\u00eda de ella, que era religiosa, constantemente le preguntaba: \u00bfcu\u00e1ndo van a forma la asociaci\u00f3n en Panam\u00e1?<\/div>\n<div style=\"font-weight: inherit; font-style: inherit;\">La primera intenci\u00f3n hace 20 a\u00f1os era hacerlo en Tocumen, pero descubrieron que all\u00ed, en Las Ma\u00f1anitas, hab\u00eda m\u00e1s necesidades, y seg\u00fan lo que les dijeron los moradores, faltaba una biblioteca. Con eso empezaron.<\/div>\n<div style=\"font-weight: inherit; font-style: inherit;\">Hoy el centro tiene adem\u00e1s sala de juegos con mesa de pimp\u00f3n y fulbito, juegos para preescolares, una media cancha de baloncesto, y alberga la infoplaza, centro de computadoras del lugar. Los ni\u00f1os no tienen que pagar, pero se les pide su certificado de nacimiento o su c\u00e9dula juvenil para que se registren la primera vez.<\/div>\n<div style=\"font-weight: inherit; font-style: inherit;\"><\/div>\n<div style=\"font-weight: inherit; font-style: inherit;\"><span class=\"caption none image-large_adaptive_w620\" style=\"font-weight: inherit; font-style: inherit;\"><span class=\"caption none image-large_adaptive_w620\" style=\"font-weight: inherit; font-style: inherit;\"><img decoding=\"async\" style=\"font-weight: inherit; font-style: inherit;\" src=\"http:\/\/www.ellas.pa\/sites\/default\/files\/styles\/large_adaptive_w620\/public\/articulos\/24junenfoco61024.jpg?itok=UlM0EHUc\" alt=\"La infoplaza\" \/><\/span><\/span><\/p>\n<p style=\"font-weight: inherit; font-style: inherit;\">La infoplaza<\/p>\n<\/div>\n<div style=\"font-weight: inherit; font-style: inherit;\"><img decoding=\"async\" class=\"image-large_adaptive_w620\" style=\"font-weight: inherit; font-style: inherit;\" src=\"http:\/\/www.ellas.pa\/sites\/default\/files\/styles\/large_adaptive_w620\/public\/articulos\/24junenfoco1024.jpg?itok=ZqGVPBK7\" alt=\"\" \/><\/div>\n<div style=\"font-weight: inherit; font-style: inherit;\"><\/div>\n<div style=\"font-weight: inherit; font-style: inherit;\"><strong style=\"font-weight: bold; font-style: inherit;\">A estudiar y a jugar<\/strong><\/div>\n<div style=\"font-weight: inherit; font-style: inherit;\">Alrededor de la 1:00 p.m. \u00a0no debe haber ning\u00fan ni\u00f1o en uniforme all\u00ed, explica Luz Cantillo. Suelen recibir a tres grandes grupos: los ni\u00f1os que van en la ma\u00f1ana porque estudian en la tarde; los que llegan al mediod\u00eda despu\u00e9s de que han salido de clases; y los que vienen en la tarde sin uniforme. Vienen a jugar, a estudiar, a reunirse para trabajar en grupo o hacer uso de la cancha de baloncesto que est\u00e1 atr\u00e1s. El objetivo del centro es ofrecer un espacio para aprendizaje y tambi\u00e9n para el ocio.<\/div>\n<div style=\"font-weight: inherit; font-style: inherit;\">Cantillo, que trabaja all\u00ed desde hace casi una d\u00e9cada, explica que muchos estudiantes salen de las escuelas, que quedan a pocos pasos del lugar, y se quedan un rato jugando. A ellos se les pide que vayan a su casa, se cambien y \u00a0regresen. Es importante que lleguen a sus hogares y sus padres los vean.<\/div>\n<div style=\"font-weight: inherit; font-style: inherit;\">En el \u00e1rea de juegos hay risas, bromas y el bullicio propio de un patio en recreo. Pero adem\u00e1s de que por todas partes hay letreros que invitan a la cortes\u00eda y al orden, el personal \u00a0est\u00e1 pendiente de que no haya peleas ni conductas inapropiadas. All\u00ed laboran Gladina Guatico, trabajadora social, cuando \u00a0llegamos \u00a0atend\u00eda a un grupo de preescolares y les daba una merienda. Perla P\u00e9rez, psic\u00f3loga, quien trabaja con la inteligencia emocional. \u00c9rica Quintero est\u00e1 en la infoplaza apoyando a los ni\u00f1os que usan las computadoras, pero tambi\u00e9n supervisando que las usen bien; por ejemplo, algunos encienden una computadora y despu\u00e9s quieren \u00a0otra, olvidando la que dejaron encendida.<\/div>\n<div style=\"font-weight: inherit; font-style: inherit;\">Los ni\u00f1os llegan solos, en grupos escolares, pero tambi\u00e9n vienen de casa junto a sus hermanos. El personal parece conocerlos bien, como lo demuestra un mural en el que est\u00e1n anotados los cumplea\u00f1eros del mes de junio.<\/div>\n<div style=\"font-weight: inherit; font-style: inherit;\">El \u00e1rea de la infoplaza y de la biblioteca est\u00e1 separada; all\u00ed hay m\u00e1s silencio. Los j\u00f3venes investigan para sus tareas en \u00a0internet, pero tambi\u00e9n usan las computadoras para jugar.<\/div>\n<div style=\"font-weight: inherit; font-style: inherit;\"><\/div>\n<div style=\"font-weight: inherit; font-style: inherit;\"><span class=\"caption none image-large_adaptive_w620\" style=\"font-weight: inherit; font-style: inherit;\"><span class=\"caption none image-large_adaptive_w620\" style=\"font-weight: inherit; font-style: inherit;\"><img decoding=\"async\" style=\"font-weight: inherit; font-style: inherit;\" src=\"http:\/\/www.ellas.pa\/sites\/default\/files\/styles\/large_adaptive_w620\/public\/articulos\/24junenfoco71024.jpg?itok=jfdeRBvF\" alt=\"Alumnos de Las Esclavas y universitarios hacen aqu\u00ed su servicio social.\" \/><\/span><\/span><\/p>\n<p style=\"font-weight: inherit; font-style: inherit;\">Alumnos de Las Esclavas y universitarios hacen aqu\u00ed su servicio social.<\/p>\n<\/div>\n<div style=\"font-weight: inherit; font-style: inherit;\"><\/div>\n<div style=\"font-weight: inherit; font-style: inherit;\">Los martes, un busito pasa a buscar a los ni\u00f1os, previa autorizaci\u00f3n de sus padres, para llevarlos a la galer\u00eda Allegro para clases de pintura, \u00a0y dos veces al mes visitan el Museo de Arte Contempor\u00e1neo para ver una exposici\u00f3n y tomar una clase.<\/div>\n<div style=\"font-weight: inherit; font-style: inherit;\">Adem\u00e1s de estudiantes, el centro tambi\u00e9n recibe a adultos que han vuelto a la escuela y est\u00e1n estudiando por m\u00f3dulos; ellos \u00a0necesitan un espacio para concentrarse y all\u00ed lo encuentran.<\/div>\n<div style=\"font-weight: inherit; font-style: inherit;\"><\/div>\n<div style=\"font-weight: inherit; font-style: inherit;\"><img decoding=\"async\" class=\"image-large_adaptive_w620\" style=\"font-weight: inherit; font-style: inherit;\" src=\"http:\/\/www.ellas.pa\/sites\/default\/files\/styles\/large_adaptive_w620\/public\/articulos\/24junenfoco11024.jpg?itok=ZMn49Im4\" alt=\"\" \/><strong style=\"font-weight: bold; font-style: inherit;\">En el sector 11<\/strong><\/div>\n<div style=\"font-weight: inherit; font-style: inherit;\">El centro funciona en el sector 11 del corregimiento de Las Ma\u00f1anitas, que tiene 95 mil habitantes y es parte del distrito de Panam\u00e1.<\/div>\n<div style=\"font-weight: inherit; font-style: inherit;\">Como lo revela su libro de registros, asisten ni\u00f1os y estudiantes que pertenecen a los sectores del 10 al 23; las comunidades de G\u00e9nesis, 8 de Septiembre, El Nazareno, San Jos\u00e9, El Valle, La Colorada, Altos del Puente, Tercera Etapa, 3 de Mayo y Parque Real.<\/div>\n<div style=\"font-weight: inherit; font-style: inherit;\">Las alumnas de Las Esclavas, as\u00ed como hermanas y profesoras coordinadoras del colegio, llevan a cabo all\u00ed sus actividades \u00a0como parte del servicio social.<\/div>\n<div style=\"font-weight: inherit; font-style: inherit;\"><strong style=\"font-weight: bold; font-style: inherit;\">Una \u2018chichita\u2019 por el centro<\/strong><br \/>\nLa fiesta de La Chichita es una tradici\u00f3n anual de las exalumnas de Las Esclavas. La organizan\u00a0 quienes\u00a0 cumplen 30 a\u00f1os de graduadas:\u00a0\u00a0 la promoci\u00f3n de 1986.Paula F\u00e1brega, presidenta de la Asociaci\u00f3n de\u00a0 Exalumnas, comenta que siempre se invita a las organizadoras de La Chichita para que hagan una visita y conozcan el centro si a\u00fan no lo han hecho.<\/div>\n<div style=\"font-weight: inherit; font-style: inherit;\">Lo recaudado en esa fiesta, que este a\u00f1o ser\u00e1 el mi\u00e9rcoles 6 de julio en el Hard Rock Hotel, sirve para financiarlo de dos a tres meses las operaciones del centro.<\/div>\n<div style=\"font-weight: inherit; font-style: inherit;\">El lugar se sostiene con varios colaboradores. La Asociaci\u00f3n de Esposas de Banqueros de Panam\u00e1 sufraga las clases de coro. La compa\u00f1\u00eda a\u00e9rea Copa don\u00f3 la media cancha de baloncesto. La Universidad Santa Mar\u00eda la Antigua hace all\u00ed su servicio social. Las fundaciones Manos Amigas y Do\u00f1a Panchita tambi\u00e9n contribuyen con donaciones.Banco General da apoyo con proyectos como las excursiones. Las Damas Guadalupanas otorgan \u00a0cupos para que los ni\u00f1os del centro vayan a su campamento anual. La estructura fue remodelada \u00a0por el Club Activo 20-30, como se puede leer en una placa en la fachada.<\/div>\n<div style=\"font-weight: inherit; font-style: inherit;\">Son tantas personas las que ayudan que las coordinadoras \u00a0no est\u00e1n seguras de si deben darnos una lista, porque cuando se mencionan nombres siempre queda alguien importante por fuera.<\/div>\n<div style=\"font-weight: inherit; font-style: inherit;\">El d\u00eda que visitamos el centro \u00a0tambi\u00e9n lo hizo un grupo de las organizadoras de La Chichita 2016. Al entrar y encontrarse con Carmen Rodr\u00edguez, la portera de sus a\u00f1os de \u00a0escuela, las exalumnas se emocionaban y se fotografiaban con ella.<\/div>\n<div style=\"font-weight: inherit; font-style: inherit;\">Era un buen comienzo y \u00a0reafirmaba que hab\u00eda llegado el momento de volver a hacer algo juntas.<\/div>\n<div style=\"font-weight: inherit; font-style: inherit;\"><\/div>\n<div style=\"font-weight: inherit; font-style: inherit;\"><span class=\"caption none image-large_adaptive_w620\" style=\"font-weight: inherit; font-style: inherit;\"><span class=\"caption none image-large_adaptive_w620\" style=\"font-weight: inherit; font-style: inherit;\"><img decoding=\"async\" style=\"font-weight: inherit; font-style: inherit;\" src=\"http:\/\/www.ellas.pa\/sites\/default\/files\/styles\/large_adaptive_w620\/public\/articulos\/24junenfoco31024.jpg?itok=aoICjxdZ\" alt=\"Lupita M\u00e9ndez, Paula F\u00e1brega de Navarro y Mirella Porras de Arias, de la junta directiva de la asociaci\u00f3n  \" \/><\/span><\/span><\/p>\n<p style=\"font-weight: inherit; font-style: inherit;\">Lupita M\u00e9ndez, Paula F\u00e1brega de Navarro y Mirella Porras de Arias, de la junta directiva de la asociaci\u00f3n<\/p>\n<\/div>\n<\/div>\n<\/div>\n<\/div>\n","protected":false},"excerpt":{"rendered":"<p>Nos complace reproducir aqu\u00ed el reportaje de Roxana Mu\u00f1oz,\u00a0con fotos de\u00a0Roberto Cisneros, que fue publicado en la revista Ellas de La Prensa. http:\/\/www.ellas.pa\/entre-nos\/una-casita-en-las-mananitas Junio 24, 2016 Con el lema \u2018Volvamos a hacer algo juntas\u2019, hace 18 a\u00f1os las exalumnas del colegio Las Esclavas fundaron una biblioteca para los ni\u00f1os de este corregimiento. Si se pasa [&hellip;]<\/p>\n","protected":false},"author":1,"featured_media":1618,"comment_status":"closed","ping_status":"closed","sticky":true,"template":"","format":"standard","meta":{"_eb_attr":"","_mi_skip_tracking":false,"footnotes":""},"categories":[3,1],"tags":[],"class_list":["post-1543","post","type-post","status-publish","format-standard","has-post-thumbnail","hentry","category-centro","category-asociacion"],"aioseo_notices":[],"jetpack_featured_media_url":"https:\/\/exalumnasesclavas.org\/blog\/wp-content\/uploads\/2017\/02\/24junenfoco41024.jpg","jetpack_shortlink":"https:\/\/wp.me\/paFKez-oT","jetpack_sharing_enabled":true,"_links":{"self":[{"href":"https:\/\/exalumnasesclavas.org\/blog\/index.php?rest_route=\/wp\/v2\/posts\/1543","targetHints":{"allow":["GET"]}}],"collection":[{"href":"https:\/\/exalumnasesclavas.org\/blog\/index.php?rest_route=\/wp\/v2\/posts"}],"about":[{"href":"https:\/\/exalumnasesclavas.org\/blog\/index.php?rest_route=\/wp\/v2\/types\/post"}],"author":[{"embeddable":true,"href":"https:\/\/exalumnasesclavas.org\/blog\/index.php?rest_route=\/wp\/v2\/users\/1"}],"replies":[{"embeddable":true,"href":"https:\/\/exalumnasesclavas.org\/blog\/index.php?rest_route=%2Fwp%2Fv2%2Fcomments&post=1543"}],"version-history":[{"count":5,"href":"https:\/\/exalumnasesclavas.org\/blog\/index.php?rest_route=\/wp\/v2\/posts\/1543\/revisions"}],"predecessor-version":[{"id":1619,"href":"https:\/\/exalumnasesclavas.org\/blog\/index.php?rest_route=\/wp\/v2\/posts\/1543\/revisions\/1619"}],"wp:featuredmedia":[{"embeddable":true,"href":"https:\/\/exalumnasesclavas.org\/blog\/index.php?rest_route=\/wp\/v2\/media\/1618"}],"wp:attachment":[{"href":"https:\/\/exalumnasesclavas.org\/blog\/index.php?rest_route=%2Fwp%2Fv2%2Fmedia&parent=1543"}],"wp:term":[{"taxonomy":"category","embeddable":true,"href":"https:\/\/exalumnasesclavas.org\/blog\/index.php?rest_route=%2Fwp%2Fv2%2Fcategories&post=1543"},{"taxonomy":"post_tag","embeddable":true,"href":"https:\/\/exalumnasesclavas.org\/blog\/index.php?rest_route=%2Fwp%2Fv2%2Ftags&post=1543"}],"curies":[{"name":"wp","href":"https:\/\/api.w.org\/{rel}","templated":true}]}}